{"id":533,"date":"2021-09-30T11:02:12","date_gmt":"2021-09-30T11:02:12","guid":{"rendered":"https:\/\/www.vitroplus.com\/blog\/?p=533"},"modified":"2025-11-11T18:32:41","modified_gmt":"2025-11-11T18:32:41","slug":"hommage-a-la-journee-nationale-de-la-verite-et-de-la-reconciliation","status":"publish","type":"post","link":"https:\/\/www.vitroplus.com\/blog\/hommage-a-la-journee-nationale-de-la-verite-et-reconciliation","title":{"rendered":"Hommage \u00e0 la Journ\u00e9e nationale de la v\u00e9rit\u00e9 et de la r\u00e9conciliation"},"content":{"rendered":"<p><strong>Driven Brands<\/strong>, la plus grande entreprise de services automobiles d&rsquo;Am\u00e9rique du Nord, honore la <strong>Journ\u00e9e nationale de v\u00e9rit\u00e9 et de r\u00e9conciliation<\/strong> en encourageant les membres de son \u00e9quipe \u00e0 porter un chandail orange ce jeudi 30 septembre.<\/p>\n<p><strong><img loading=\"lazy\" class=\" wp-image-513 alignleft\" src=\"https:\/\/www.vitroplus.com\/blog\/wp-content\/uploads\/2021\/09\/Reconciliation-day-VP-UGP-VFR-300x300.jpg\" alt=\"Journ\u00e9e nationale de la v\u00e9rit\u00e9\" width=\"280\" height=\"280\" srcset=\"https:\/\/www.vitroplus.com\/blog\/wp-content\/uploads\/2021\/09\/Reconciliation-day-VP-UGP-VFR-300x300.jpg 300w, https:\/\/www.vitroplus.com\/blog\/wp-content\/uploads\/2021\/09\/Reconciliation-day-VP-UGP-VFR-1024x1024.jpg 1024w, https:\/\/www.vitroplus.com\/blog\/wp-content\/uploads\/2021\/09\/Reconciliation-day-VP-UGP-VFR-150x150.jpg 150w, https:\/\/www.vitroplus.com\/blog\/wp-content\/uploads\/2021\/09\/Reconciliation-day-VP-UGP-VFR-768x768.jpg 768w, https:\/\/www.vitroplus.com\/blog\/wp-content\/uploads\/2021\/09\/Reconciliation-day-VP-UGP-VFR-125x125.jpg 125w, https:\/\/www.vitroplus.com\/blog\/wp-content\/uploads\/2021\/09\/Reconciliation-day-VP-UGP-VFR.jpg 1080w\" sizes=\"(max-width: 280px) 100vw, 280px\" \/><\/strong><\/p>\n<p><strong>Maurice Filion, pr\u00e9sident d&rsquo;Uniban, fait partie de la<\/strong> <strong>nation Dokis<\/strong>, situ\u00e9e le long de la rivi\u00e8re des Fran\u00e7ais dans le centre-nord de l&rsquo;Ontario, au Canada. Aujourd&rsquo;hui, plus que jamais, Maurice est optimiste quant \u00e0 l&rsquo;avenir, puisqu\u2019il voit la reconnaissance se produire dans tout le pays.<\/p>\n<p>\u00ab <em>Il est encourageant de voir cette journ\u00e9e devenir une f\u00eate nationale, puisque le reste du Canada peut maintenant reconna\u00eetre certains aspects culturels que nos communaut\u00e9s ont toujours su<\/em> \u00bb, a d\u00e9clar\u00e9 Maurice Filion, pr\u00e9sident d&rsquo;Uniban. \u00ab <em>Nous recevons encore des avis de ma nation disant que l&rsquo;eau potable n&rsquo;est pas saine ni accessible \u00e0 tous dans la r\u00e9serve, ce qui d\u00e9montre qu&rsquo;il y a certainement encore du travail \u00e0 faire &#8211; mais je reste optimiste quant \u00e0 la direction que nous prenons en tant que pays.<\/em> \u00bb<\/p>\n<p>&nbsp;<\/p>\n<p>Maurice a commenc\u00e9 sa carri\u00e8re dans l\u2019industrie de la restauration et l&rsquo;accent qu&rsquo;il met sur l&rsquo;exp\u00e9rience de la client\u00e8le l&rsquo;a aid\u00e9 \u00e0 progresser dans sa carri\u00e8re.<\/p>\n<p>\u00ab <strong><em>Ma famille et moi sommes fiers de faire partie de la nation Dokis<\/em><\/strong><em>, une nation qui a une longue histoire d&rsquo;esprit entrepreneurial<\/em> \u00bb, a soulign\u00e9 Maurice Filion, pr\u00e9sident, Uniban. \u00ab <em>Dans mon r\u00f4le quotidien, je soutiens les entrepreneurs ind\u00e9pendants, qui cherchent \u00e0 d\u00e9velopper leur entreprise de vitres automobiles et qui ont besoin de soutien pour faire passer leurs op\u00e9rations au niveau sup\u00e9rieur.<\/em> \u00bb<\/p>\n<p>Maurice s\u2019est joint \u00e0 Driven Brands en 2015, o\u00f9 il a aid\u00e9 \u00e0 d\u00e9velopper Take 5 Oil Change Canada. En 2020, Filion a \u00e9t\u00e9 nomm\u00e9 pr\u00e9sident d&rsquo;Uniban Canada, une entreprise qui d\u00e9tient un r\u00e9seau des meilleures franchises expertes en r\u00e9paration et de remplacement de verre automobile, notamment <strong>UniglassPlus, VitroPlus, Go ! Glass et Docteur du Pare-Brise<\/strong>.<\/p>\n<p>\u00ab <em>Driven Brands regorge d&rsquo;une diversit\u00e9 de gens incroyables, et je suis fier de faire partie d&rsquo;une \u00e9quipe multiculturelle qui poss\u00e8dent une vari\u00e9t\u00e9 de perspectives qui permettent \u00e0 notre organisation de prosp\u00e9rer<\/em> \u00bb, a rench\u00e9rit Maurice. \u00ab <strong><em>Je suis reconnaissant que notre famille Driven Brands prenne le temps de comm\u00e9morer cette journ\u00e9e importante pour ma famille et moi.<\/em><\/strong> \u00bb<\/p>\n<!-- AddThis Advanced Settings generic via filter on the_content --><!-- AddThis Share Buttons generic via filter on the_content -->","protected":false},"excerpt":{"rendered":"<p>Driven Brands, la plus grande entreprise de services automobiles d&rsquo;Am\u00e9rique du Nord, honore la Journ\u00e9e nationale de v\u00e9rit\u00e9 et de r\u00e9conciliation en encourageant les membres de son \u00e9quipe \u00e0 porter un chandail orange ce jeudi 30 septembre. Maurice Filion, pr\u00e9sident d&rsquo;Uniban, fait partie de la nation Dokis, situ\u00e9e le long de la rivi\u00e8re des Fran\u00e7ais\u2026<!-- AddThis Advanced Settings generic via filter on get_the_excerpt --><!-- AddThis Share Buttons generic via filter on get_the_excerpt --><\/p>\n","protected":false},"author":2,"featured_media":531,"comment_status":"closed","ping_status":"closed","sticky":false,"template":"","format":"standard","meta":{"inline_featured_image":false},"categories":[16,19],"tags":[],"better_featured_image":{"id":531,"alt_text":"VitroPlus-Journee-Reconciliation","caption":"","description":"","media_type":"image","media_details":{"width":1200,"height":628,"file":"2021\/09\/VFR-VPZ.jpg","sizes":{"medium":{"file":"VFR-VPZ-300x157.jpg","width":300,"height":157,"mime-type":"image\/jpeg","source_url":"https:\/\/www.vitroplus.com\/blog\/wp-content\/uploads\/2021\/09\/VFR-VPZ-300x157.jpg"},"large":{"file":"VFR-VPZ-1024x536.jpg","width":1024,"height":536,"mime-type":"image\/jpeg","source_url":"https:\/\/www.vitroplus.com\/blog\/wp-content\/uploads\/2021\/09\/VFR-VPZ-1024x536.jpg"},"thumbnail":{"file":"VFR-VPZ-150x150.jpg","width":150,"height":150,"mime-type":"image\/jpeg","source_url":"https:\/\/www.vitroplus.com\/blog\/wp-content\/uploads\/2021\/09\/VFR-VPZ-150x150.jpg"},"medium_large":{"file":"VFR-VPZ-768x402.jpg","width":768,"height":402,"mime-type":"image\/jpeg","source_url":"https:\/\/www.vitroplus.com\/blog\/wp-content\/uploads\/2021\/09\/VFR-VPZ-768x402.jpg"},"post-thumbnail":{"file":"VFR-VPZ-125x125.jpg","width":125,"height":125,"mime-type":"image\/jpeg","source_url":"https:\/\/www.vitroplus.com\/blog\/wp-content\/uploads\/2021\/09\/VFR-VPZ-125x125.jpg"}},"image_meta":{"aperture":"0","credit":"","camera":"","caption":"","created_timestamp":"0","copyright":"","focal_length":"0","iso":"0","shutter_speed":"0","title":"","orientation":"1","keywords":[]}},"post":null,"source_url":"https:\/\/www.vitroplus.com\/blog\/wp-content\/uploads\/2021\/09\/VFR-VPZ.jpg"},"_links":{"self":[{"href":"https:\/\/www.vitroplus.com\/blog\/wp-json\/wp\/v2\/posts\/533"}],"collection":[{"href":"https:\/\/www.vitroplus.com\/blog\/wp-json\/wp\/v2\/posts"}],"about":[{"href":"https:\/\/www.vitroplus.com\/blog\/wp-json\/wp\/v2\/types\/post"}],"author":[{"embeddable":true,"href":"https:\/\/www.vitroplus.com\/blog\/wp-json\/wp\/v2\/users\/2"}],"replies":[{"embeddable":true,"href":"https:\/\/www.vitroplus.com\/blog\/wp-json\/wp\/v2\/comments?post=533"}],"version-history":[{"count":3,"href":"https:\/\/www.vitroplus.com\/blog\/wp-json\/wp\/v2\/posts\/533\/revisions"}],"predecessor-version":[{"id":904,"href":"https:\/\/www.vitroplus.com\/blog\/wp-json\/wp\/v2\/posts\/533\/revisions\/904"}],"wp:featuredmedia":[{"embeddable":true,"href":"https:\/\/www.vitroplus.com\/blog\/wp-json\/wp\/v2\/media\/531"}],"wp:attachment":[{"href":"https:\/\/www.vitroplus.com\/blog\/wp-json\/wp\/v2\/media?parent=533"}],"wp:term":[{"taxonomy":"category","embeddable":true,"href":"https:\/\/www.vitroplus.com\/blog\/wp-json\/wp\/v2\/categories?post=533"},{"taxonomy":"post_tag","embeddable":true,"href":"https:\/\/www.vitroplus.com\/blog\/wp-json\/wp\/v2\/tags?post=533"}],"curies":[{"name":"wp","href":"https:\/\/api.w.org\/{rel}","templated":true}]}}